{"id":156,"date":"2021-08-02T17:43:16","date_gmt":"2021-08-02T17:43:16","guid":{"rendered":"https:\/\/st-heinrichs-orden.von-sachsen.eu\/?p=156"},"modified":"2024-08-14T08:46:52","modified_gmt":"2024-08-14T08:46:52","slug":"grimma","status":"publish","type":"post","link":"https:\/\/st-heinrichs-orden.von-sachsen.eu\/en\/grimma\/","title":{"rendered":"Grimma"},"content":{"rendered":"<div data-elementor-type=\"wp-post\" data-elementor-id=\"156\" class=\"elementor elementor-156\" data-elementor-post-type=\"post\">\n\t\t\t\t\t\t<section class=\"elementor-section elementor-top-section elementor-element elementor-element-34979ef elementor-section-boxed elementor-section-height-default elementor-section-height-default\" data-id=\"34979ef\" data-element_type=\"section\" data-e-type=\"section\">\n\t\t\t\t\t\t<div class=\"elementor-container elementor-column-gap-default\">\n\t\t\t\t\t<div class=\"elementor-column elementor-col-100 elementor-top-column elementor-element elementor-element-4d25270\" data-id=\"4d25270\" data-element_type=\"column\" data-e-type=\"column\">\n\t\t\t<div class=\"elementor-widget-wrap elementor-element-populated\">\n\t\t\t\t\t\t<div class=\"elementor-element elementor-element-703c881 elementor-widget elementor-widget-heading\" data-id=\"703c881\" data-element_type=\"widget\" data-e-type=\"widget\" data-widget_type=\"heading.default\">\n\t\t\t\t<div class=\"elementor-widget-container\">\n\t\t\t\t\t<h2 class=\"elementor-heading-title elementor-size-default\">Grimma - Colditz Castle, September 2015<\/h2>\t\t\t\t<\/div>\n\t\t\t\t<\/div>\n\t\t\t\t<div class=\"elementor-element elementor-element-eb9f81a elementor-widget elementor-widget-text-editor\" data-id=\"eb9f81a\" data-element_type=\"widget\" data-e-type=\"widget\" data-widget_type=\"text-editor.default\">\n\t\t\t\t<div class=\"elementor-widget-container\">\n\t\t\t\t\t\t\t\t\t<p>The Order commissioned a portrait of Duke Albrecht the Brave. It was executed by the young artist Martin Sch\u00e4dlich. The painting was ceremoniously handed over to the Minister of Justice of the Free State of Bavaria, Martin Gemkow, and the Director of the Local Court, Katja Kohlschmid, and placed in its final destination in the court building.<br \/>An ecumenical ceremony was then held in the Frauenkirche in Grimma, at which the St. Henry's Needle was awarded to Professor Dietger Niederwieser and Dr Alan Russell from England, founders of the Dresden Trust, by Prince Alexander. The British recipient of the pin campaigned for peace and reconciliation between the former adversaries after the fall of the Berlin Wall. His personal aim was to promote this goal in Great Britain. The reconstruction of the Frauenkirche in Dresden was to take centre stage as a symbol. Dr Russell and his foundation raised a large sum of money to have the new tower cross manufactured in England and donated to the church as the crowning glory of the reconstruction.<\/p><p>A ceremony was held at Colditz Castle to commemorate the history of the castle and the Allied officers who were interned there as prisoners of war during the Second World War. The speaker was Major General Sir Sebastian L. Roberts of the Irish Guard, the personal bodyguard of Her Majesty the Queen of England. He spoke about the almost athletic endeavours of the imprisoned officers to attempt and in some cases achieve escape from the castle. Imaginative ideas were tried out to circumvent the strict guard and escape to freedom. He emphasised the good treatment that the British officers received from the Germans.<\/p>\t\t\t\t\t\t\t\t<\/div>\n\t\t\t\t<\/div>\n\t\t\t\t\t<\/div>\n\t\t<\/div>\n\t\t\t\t\t<\/div>\n\t\t<\/section>\n\t\t\t\t<section class=\"elementor-section elementor-top-section elementor-element elementor-element-5e306b9 elementor-section-boxed elementor-section-height-default elementor-section-height-default\" data-id=\"5e306b9\" data-element_type=\"section\" data-e-type=\"section\">\n\t\t\t\t\t\t<div class=\"elementor-container elementor-column-gap-default\">\n\t\t\t\t\t<div class=\"elementor-column elementor-col-100 elementor-top-column elementor-element elementor-element-cfe6819\" data-id=\"cfe6819\" data-element_type=\"column\" data-e-type=\"column\">\n\t\t\t<div class=\"elementor-widget-wrap elementor-element-populated\">\n\t\t\t\t\t\t<div class=\"elementor-element elementor-element-a231986 elementor-post-navigation-borders-yes elementor-widget elementor-widget-post-navigation\" data-id=\"a231986\" data-element_type=\"widget\" data-e-type=\"widget\" data-widget_type=\"post-navigation.default\">\n\t\t\t\t<div class=\"elementor-widget-container\">\n\t\t\t\t\t\t\t<div class=\"elementor-post-navigation\">\n\t\t\t<div class=\"elementor-post-navigation__prev elementor-post-navigation__link\">\n\t\t\t\t<a href=\"https:\/\/st-heinrichs-orden.von-sachsen.eu\/en\/wien\/\" rel=\"prev\"><span class=\"post-navigation__arrow-wrapper post-navigation__arrow-prev\"><i class=\"fa fa-angle-left\" aria-hidden=\"true\"><\/i><span class=\"elementor-screen-only\">Prev<\/span><\/span><span class=\"elementor-post-navigation__link__prev\"><span class=\"post-navigation__prev--label\">Previous<\/span><span class=\"post-navigation__prev--title\">Vienna<\/span><\/span><\/a>\t\t\t<\/div>\n\t\t\t\t\t\t\t<div class=\"elementor-post-navigation__separator-wrapper\">\n\t\t\t\t\t<div class=\"elementor-post-navigation__separator\"><\/div>\n\t\t\t\t<\/div>\n\t\t\t\t\t\t<div class=\"elementor-post-navigation__next elementor-post-navigation__link\">\n\t\t\t\t<a href=\"https:\/\/st-heinrichs-orden.von-sachsen.eu\/en\/berlin\/\" rel=\"next\"><span class=\"elementor-post-navigation__link__next\"><span class=\"post-navigation__next--label\">Next<\/span><span class=\"post-navigation__next--title\">Berlin<\/span><\/span><span class=\"post-navigation__arrow-wrapper post-navigation__arrow-next\"><i class=\"fa fa-angle-right\" aria-hidden=\"true\"><\/i><span class=\"elementor-screen-only\">Next<\/span><\/span><\/a>\t\t\t<\/div>\n\t\t<\/div>\n\t\t\t\t\t\t<\/div>\n\t\t\t\t<\/div>\n\t\t\t\t\t<\/div>\n\t\t<\/div>\n\t\t\t\t\t<\/div>\n\t\t<\/section>\n\t\t\t\t<\/div>","protected":false},"excerpt":{"rendered":"<p>Grimma &#8211; Schloss Colditz, September 2015 Der Orden hat ein Portr\u00e4t von Herzog Albrecht dem Beherzten in Auftrag gegeben. Ausf\u00fchrender war der junge K\u00fcnstler Martin Sch\u00e4dlich. Das Gem\u00e4lde wurde in einem Festakt dem Justizminister des Freistaates, Martin Gemkow und der Direktorin des Amtsgerichts Katja Kohlschmid feierlich \u00fcbergeben und an seinem Bestimmungsort im Geb\u00e4ude des Gerichts [&hellip;]<\/p>\n","protected":false},"author":1,"featured_media":588,"comment_status":"open","ping_status":"open","sticky":false,"template":"elementor_header_footer","format":"standard","meta":{"footnotes":""},"categories":[5],"tags":[],"class_list":["post-156","post","type-post","status-publish","format-standard","has-post-thumbnail","hentry","category-reisen"],"_links":{"self":[{"href":"https:\/\/st-heinrichs-orden.von-sachsen.eu\/en\/wp-json\/wp\/v2\/posts\/156","targetHints":{"allow":["GET"]}}],"collection":[{"href":"https:\/\/st-heinrichs-orden.von-sachsen.eu\/en\/wp-json\/wp\/v2\/posts"}],"about":[{"href":"https:\/\/st-heinrichs-orden.von-sachsen.eu\/en\/wp-json\/wp\/v2\/types\/post"}],"author":[{"embeddable":true,"href":"https:\/\/st-heinrichs-orden.von-sachsen.eu\/en\/wp-json\/wp\/v2\/users\/1"}],"replies":[{"embeddable":true,"href":"https:\/\/st-heinrichs-orden.von-sachsen.eu\/en\/wp-json\/wp\/v2\/comments?post=156"}],"version-history":[{"count":0,"href":"https:\/\/st-heinrichs-orden.von-sachsen.eu\/en\/wp-json\/wp\/v2\/posts\/156\/revisions"}],"wp:featuredmedia":[{"embeddable":true,"href":"https:\/\/st-heinrichs-orden.von-sachsen.eu\/en\/wp-json\/wp\/v2\/media\/588"}],"wp:attachment":[{"href":"https:\/\/st-heinrichs-orden.von-sachsen.eu\/en\/wp-json\/wp\/v2\/media?parent=156"}],"wp:term":[{"taxonomy":"category","embeddable":true,"href":"https:\/\/st-heinrichs-orden.von-sachsen.eu\/en\/wp-json\/wp\/v2\/categories?post=156"},{"taxonomy":"post_tag","embeddable":true,"href":"https:\/\/st-heinrichs-orden.von-sachsen.eu\/en\/wp-json\/wp\/v2\/tags?post=156"}],"curies":[{"name":"wp","href":"https:\/\/api.w.org\/{rel}","templated":true}]}}